{"id":13252,"date":"2025-10-22T07:51:27","date_gmt":"2025-10-22T07:51:27","guid":{"rendered":"https:\/\/www.haatik.com\/2025\/10\/22\/pasaiako-dantza-festibalaren-8-edizioa-martxan\/"},"modified":"2025-10-22T08:34:03","modified_gmt":"2025-10-22T08:34:03","slug":"pasaiako-dantza-festibalaren-8-edizioa-martxan","status":"publish","type":"post","link":"https:\/\/www.haatik.com\/fr\/2025\/10\/22\/pasaiako-dantza-festibalaren-8-edizioa-martxan\/","title":{"rendered":"LA 8\u00c8 \u00c9DITION DU PASAIAKO DANTZA FESTIBALA EST EN MARCHE !"},"content":{"rendered":"<h3>L\u2019appel \u00e0 projets pour participer \u00e0 la 8e \u00e9dition du Pasaiako Dantza Festibala est d\u00e9sormais ouvert. Nous invitons les cr\u00e9ateurs et compagnies de danse basques \u00e0 envoyer leurs propositions.<\/h3>\n<p>&nbsp;<\/p>\n<p><span class=\"Apple-converted-space\">Le <strong>Pasaiako Dantza Festibala<\/strong> est devenu un rendez-vous incontournable dans le <strong>circuit des festivals d\u2019arts de la rue du Pays Basque<\/strong>, et nous repartons cette ann\u00e9e avec l\u2019envie et l\u2019enthousiasme d\u2019organiser une nouvelle \u00e9dition inoubliable. <\/span><\/p>\n<p>&nbsp;<\/p>\n<p>Depuis sa cr\u00e9ation, l\u2019objectif principal du PDF est de <strong>rapprocher la danse et les arts de la sc\u00e8ne des habitants de Pasaia et de ses environs<\/strong>, d\u2019attirer de <strong>nouveaux publics<\/strong> et de cr\u00e9er des moyens de diffusion et de consolidation de notre communaut\u00e9. Par ailleurs, le festival souhaite encourager la <strong>cr\u00e9ativit\u00e9 locale<\/strong>, en faisant une fois de plus de cet \u00e9v\u00e9nement une vitrine et un refuge pour les compagnies basques.<\/p>\n<p>&nbsp;<\/p>\n<p>Nous lan\u00e7ons donc un appel aux cr\u00e9ateurs et compagnies des <strong>sept provinces du Pays Basque<\/strong> pour qu\u2019ils pr\u00e9sentent leurs <strong>pi\u00e8ces courtes ou de moyenne dur\u00e9e<\/strong>, pr\u00eates \u00e0 \u00eatre jou\u00e9es au mois de juin prochain. \u00c9tant un festival de rue, les pi\u00e8ces devront \u00eatre cr\u00e9\u00e9es ou adapt\u00e9es pour \u00eatre pr\u00e9sent\u00e9es <strong>dans des espaces publics ou non conventionnels.<\/strong><\/p>\n<p>&nbsp;<\/p>\n<p>De plus, puisque le PDF souhaite \u00eatre <strong>un festival participatif<\/strong>, \u00e9galitaire et inclusif, si vous souhaitez proposer d\u2019autres activit\u00e9s (ateliers, conf\u00e9rences, expositions\u2026), nous serions ravis d\u2019\u00e9couter vos id\u00e9es et de les prendre en consid\u00e9ration.<\/p>\n<p>&nbsp;<\/p>\n<p><strong data-start=\"3444\" data-end=\"3461\">Date limite :<\/strong> Vous avez jusqu\u2019au <strong data-start=\"3481\" data-end=\"3496\">14 novembre<\/strong> pour envoyer vos propositions via le formulaire disponible sur notre site web : <a class=\"decorated-link\" href=\"http:\/\/www.pasaiakodantzafestibala.info\/\" target=\"_new\" rel=\"noopener\" data-start=\"3577\" data-end=\"3652\">www.pasaiakodantzafestibala.info<\/a><\/p>\n<p>&nbsp;<\/p>\n<p><strong>Ne manquez pas cette occasion unique de participer \u00e0 la cr\u00e9ation du prochain chapitre du Pasaiako Dantza Festibala. Nous avons h\u00e2te d\u2019avoir de vos nouvelles !<\/strong><\/p>\n<p>&nbsp;<\/p>\n<p><strong>J.A.<\/strong><\/p>\n","protected":false},"excerpt":{"rendered":"<p>L\u2019appel \u00e0 projets pour participer \u00e0 la 8e \u00e9dition du Pasaiako Dantza Festibala est d\u00e9sormais ouvert. Nous invitons les cr\u00e9ateurs [&hellip;]<\/p>\n","protected":false},"author":3,"featured_media":13241,"comment_status":"open","ping_status":"open","sticky":false,"template":"","format":"standard","meta":{"_acf_changed":false,"footnotes":""},"categories":[49,16],"tags":[],"class_list":["post-13252","post","type-post","status-publish","format-standard","has-post-thumbnail","hentry","category-featured-fr","category-non-classifiee"],"acf":[],"yoast_head":"<!-- This site is optimized with the Yoast SEO plugin v24.2 - https:\/\/yoast.com\/wordpress\/plugins\/seo\/ -->\n<title>LA 8\u00c8 \u00c9DITION DU PASAIAKO DANTZA FESTIBALA EST EN MARCHE ! | haatik<\/title>\n<meta name=\"robots\" content=\"index, follow, max-snippet:-1, max-image-preview:large, max-video-preview:-1\" \/>\n<link rel=\"canonical\" href=\"https:\/\/www.haatik.com\/fr\/2025\/10\/22\/pasaiako-dantza-festibalaren-8-edizioa-martxan\/\" \/>\n<meta property=\"og:locale\" content=\"fr_FR\" \/>\n<meta property=\"og:type\" content=\"article\" \/>\n<meta property=\"og:title\" content=\"LA 8\u00c8 \u00c9DITION DU PASAIAKO DANTZA FESTIBALA EST EN MARCHE ! | haatik\" \/>\n<meta property=\"og:description\" content=\"L\u2019appel \u00e0 projets pour participer \u00e0 la 8e \u00e9dition du Pasaiako Dantza Festibala est d\u00e9sormais ouvert. Nous invitons les cr\u00e9ateurs [&hellip;]\" \/>\n<meta property=\"og:url\" content=\"https:\/\/www.haatik.com\/fr\/2025\/10\/22\/pasaiako-dantza-festibalaren-8-edizioa-martxan\/\" \/>\n<meta property=\"og:site_name\" content=\"haatik\" \/>\n<meta property=\"article:publisher\" content=\"https:\/\/www.facebook.com\/HaatikDantzaKonpainia\/\" \/>\n<meta property=\"article:published_time\" content=\"2025-10-22T07:51:27+00:00\" \/>\n<meta property=\"article:modified_time\" content=\"2025-10-22T08:34:03+00:00\" \/>\n<meta property=\"og:image\" content=\"https:\/\/www.haatik.com\/wp-content\/uploads\/PDF2026_web_argazkia2.jpg\" \/>\n\t<meta property=\"og:image:width\" content=\"1500\" \/>\n\t<meta property=\"og:image:height\" content=\"533\" \/>\n\t<meta property=\"og:image:type\" content=\"image\/jpeg\" \/>\n<meta name=\"author\" content=\"Iurre\" \/>\n<meta name=\"twitter:card\" content=\"summary_large_image\" \/>\n<meta name=\"twitter:creator\" content=\"@Haatik_Dantza\" \/>\n<meta name=\"twitter:site\" content=\"@Haatik_Dantza\" \/>\n<meta name=\"twitter:label1\" content=\"Written by\" \/>\n\t<meta name=\"twitter:data1\" content=\"Iurre\" \/>\n\t<meta name=\"twitter:label2\" content=\"Est. reading time\" \/>\n\t<meta name=\"twitter:data2\" content=\"2 minutes\" \/>\n<script type=\"application\/ld+json\" class=\"yoast-schema-graph\">{\"@context\":\"https:\/\/schema.org\",\"@graph\":[{\"@type\":\"Article\",\"@id\":\"https:\/\/www.haatik.com\/fr\/2025\/10\/22\/pasaiako-dantza-festibalaren-8-edizioa-martxan\/#article\",\"isPartOf\":{\"@id\":\"https:\/\/www.haatik.com\/fr\/2025\/10\/22\/pasaiako-dantza-festibalaren-8-edizioa-martxan\/\"},\"author\":{\"name\":\"Iurre\",\"@id\":\"https:\/\/www.haatik.com\/eu\/#\/schema\/person\/af5edf1524d5e8ecbc0a6844874216ad\"},\"headline\":\"LA 8\u00c8 \u00c9DITION DU PASAIAKO DANTZA FESTIBALA EST EN MARCHE !\",\"datePublished\":\"2025-10-22T07:51:27+00:00\",\"dateModified\":\"2025-10-22T08:34:03+00:00\",\"mainEntityOfPage\":{\"@id\":\"https:\/\/www.haatik.com\/fr\/2025\/10\/22\/pasaiako-dantza-festibalaren-8-edizioa-martxan\/\"},\"wordCount\":321,\"commentCount\":0,\"publisher\":{\"@id\":\"https:\/\/www.haatik.com\/eu\/#organization\"},\"image\":{\"@id\":\"https:\/\/www.haatik.com\/fr\/2025\/10\/22\/pasaiako-dantza-festibalaren-8-edizioa-martxan\/#primaryimage\"},\"thumbnailUrl\":\"https:\/\/www.haatik.com\/wp-content\/uploads\/PDF2026_web_argazkia2.jpg\",\"articleSection\":[\"Albistea\",\"Non classifi\u00e9(e)\"],\"inLanguage\":\"fr-FR\",\"potentialAction\":[{\"@type\":\"CommentAction\",\"name\":\"Comment\",\"target\":[\"https:\/\/www.haatik.com\/fr\/2025\/10\/22\/pasaiako-dantza-festibalaren-8-edizioa-martxan\/#respond\"]}]},{\"@type\":\"WebPage\",\"@id\":\"https:\/\/www.haatik.com\/fr\/2025\/10\/22\/pasaiako-dantza-festibalaren-8-edizioa-martxan\/\",\"url\":\"https:\/\/www.haatik.com\/fr\/2025\/10\/22\/pasaiako-dantza-festibalaren-8-edizioa-martxan\/\",\"name\":\"LA 8\u00c8 \u00c9DITION DU PASAIAKO DANTZA FESTIBALA EST EN MARCHE ! | haatik\",\"isPartOf\":{\"@id\":\"https:\/\/www.haatik.com\/eu\/#website\"},\"primaryImageOfPage\":{\"@id\":\"https:\/\/www.haatik.com\/fr\/2025\/10\/22\/pasaiako-dantza-festibalaren-8-edizioa-martxan\/#primaryimage\"},\"image\":{\"@id\":\"https:\/\/www.haatik.com\/fr\/2025\/10\/22\/pasaiako-dantza-festibalaren-8-edizioa-martxan\/#primaryimage\"},\"thumbnailUrl\":\"https:\/\/www.haatik.com\/wp-content\/uploads\/PDF2026_web_argazkia2.jpg\",\"datePublished\":\"2025-10-22T07:51:27+00:00\",\"dateModified\":\"2025-10-22T08:34:03+00:00\",\"breadcrumb\":{\"@id\":\"https:\/\/www.haatik.com\/fr\/2025\/10\/22\/pasaiako-dantza-festibalaren-8-edizioa-martxan\/#breadcrumb\"},\"inLanguage\":\"fr-FR\",\"potentialAction\":[{\"@type\":\"ReadAction\",\"target\":[\"https:\/\/www.haatik.com\/fr\/2025\/10\/22\/pasaiako-dantza-festibalaren-8-edizioa-martxan\/\"]}]},{\"@type\":\"ImageObject\",\"inLanguage\":\"fr-FR\",\"@id\":\"https:\/\/www.haatik.com\/fr\/2025\/10\/22\/pasaiako-dantza-festibalaren-8-edizioa-martxan\/#primaryimage\",\"url\":\"https:\/\/www.haatik.com\/wp-content\/uploads\/PDF2026_web_argazkia2.jpg\",\"contentUrl\":\"https:\/\/www.haatik.com\/wp-content\/uploads\/PDF2026_web_argazkia2.jpg\",\"width\":1500,\"height\":533,\"caption\":\"Screenshot\"},{\"@type\":\"BreadcrumbList\",\"@id\":\"https:\/\/www.haatik.com\/fr\/2025\/10\/22\/pasaiako-dantza-festibalaren-8-edizioa-martxan\/#breadcrumb\",\"itemListElement\":[{\"@type\":\"ListItem\",\"position\":1,\"name\":\"Home\",\"item\":\"https:\/\/www.haatik.com\/fr\/\"},{\"@type\":\"ListItem\",\"position\":2,\"name\":\"LA 8\u00c8 \u00c9DITION DU PASAIAKO DANTZA FESTIBALA EST EN MARCHE !\"}]},{\"@type\":\"WebSite\",\"@id\":\"https:\/\/www.haatik.com\/eu\/#website\",\"url\":\"https:\/\/www.haatik.com\/eu\/\",\"name\":\"haatik\",\"description\":\"haatik dantza konpainia\",\"publisher\":{\"@id\":\"https:\/\/www.haatik.com\/eu\/#organization\"},\"potentialAction\":[{\"@type\":\"SearchAction\",\"target\":{\"@type\":\"EntryPoint\",\"urlTemplate\":\"https:\/\/www.haatik.com\/eu\/?s={search_term_string}\"},\"query-input\":{\"@type\":\"PropertyValueSpecification\",\"valueRequired\":true,\"valueName\":\"search_term_string\"}}],\"inLanguage\":\"fr-FR\"},{\"@type\":\"Organization\",\"@id\":\"https:\/\/www.haatik.com\/eu\/#organization\",\"name\":\"haatik\",\"url\":\"https:\/\/www.haatik.com\/eu\/\",\"logo\":{\"@type\":\"ImageObject\",\"inLanguage\":\"fr-FR\",\"@id\":\"https:\/\/www.haatik.com\/eu\/#\/schema\/logo\/image\/\",\"url\":\"https:\/\/www.haatik.com\/wp-content\/uploads\/logo_haatik_2016-01.png\",\"contentUrl\":\"https:\/\/www.haatik.com\/wp-content\/uploads\/logo_haatik_2016-01.png\",\"width\":1036,\"height\":493,\"caption\":\"haatik\"},\"image\":{\"@id\":\"https:\/\/www.haatik.com\/eu\/#\/schema\/logo\/image\/\"},\"sameAs\":[\"https:\/\/www.facebook.com\/HaatikDantzaKonpainia\/\",\"https:\/\/x.com\/Haatik_Dantza\",\"https:\/\/instagram.com\/haatikdantzakonpainia\"]},{\"@type\":\"Person\",\"@id\":\"https:\/\/www.haatik.com\/eu\/#\/schema\/person\/af5edf1524d5e8ecbc0a6844874216ad\",\"name\":\"Iurre\",\"image\":{\"@type\":\"ImageObject\",\"inLanguage\":\"fr-FR\",\"@id\":\"https:\/\/www.haatik.com\/eu\/#\/schema\/person\/image\/\",\"url\":\"https:\/\/secure.gravatar.com\/avatar\/946e0ec9c5b3ba45e8517a3e71e6408c?s=96&d=mm&r=g\",\"contentUrl\":\"https:\/\/secure.gravatar.com\/avatar\/946e0ec9c5b3ba45e8517a3e71e6408c?s=96&d=mm&r=g\",\"caption\":\"Iurre\"},\"url\":\"https:\/\/www.haatik.com\/fr\/author\/iurre\/\"}]}<\/script>\n<!-- \/ Yoast SEO plugin. -->","yoast_head_json":{"title":"LA 8\u00c8 \u00c9DITION DU PASAIAKO DANTZA FESTIBALA EST EN MARCHE ! | haatik","robots":{"index":"index","follow":"follow","max-snippet":"max-snippet:-1","max-image-preview":"max-image-preview:large","max-video-preview":"max-video-preview:-1"},"canonical":"https:\/\/www.haatik.com\/fr\/2025\/10\/22\/pasaiako-dantza-festibalaren-8-edizioa-martxan\/","og_locale":"fr_FR","og_type":"article","og_title":"LA 8\u00c8 \u00c9DITION DU PASAIAKO DANTZA FESTIBALA EST EN MARCHE ! | haatik","og_description":"L\u2019appel \u00e0 projets pour participer \u00e0 la 8e \u00e9dition du Pasaiako Dantza Festibala est d\u00e9sormais ouvert. Nous invitons les cr\u00e9ateurs [&hellip;]","og_url":"https:\/\/www.haatik.com\/fr\/2025\/10\/22\/pasaiako-dantza-festibalaren-8-edizioa-martxan\/","og_site_name":"haatik","article_publisher":"https:\/\/www.facebook.com\/HaatikDantzaKonpainia\/","article_published_time":"2025-10-22T07:51:27+00:00","article_modified_time":"2025-10-22T08:34:03+00:00","og_image":[{"width":1500,"height":533,"url":"https:\/\/www.haatik.com\/wp-content\/uploads\/PDF2026_web_argazkia2.jpg","type":"image\/jpeg"}],"author":"Iurre","twitter_card":"summary_large_image","twitter_creator":"@Haatik_Dantza","twitter_site":"@Haatik_Dantza","twitter_misc":{"Written by":"Iurre","Est. reading time":"2 minutes"},"schema":{"@context":"https:\/\/schema.org","@graph":[{"@type":"Article","@id":"https:\/\/www.haatik.com\/fr\/2025\/10\/22\/pasaiako-dantza-festibalaren-8-edizioa-martxan\/#article","isPartOf":{"@id":"https:\/\/www.haatik.com\/fr\/2025\/10\/22\/pasaiako-dantza-festibalaren-8-edizioa-martxan\/"},"author":{"name":"Iurre","@id":"https:\/\/www.haatik.com\/eu\/#\/schema\/person\/af5edf1524d5e8ecbc0a6844874216ad"},"headline":"LA 8\u00c8 \u00c9DITION DU PASAIAKO DANTZA FESTIBALA EST EN MARCHE !","datePublished":"2025-10-22T07:51:27+00:00","dateModified":"2025-10-22T08:34:03+00:00","mainEntityOfPage":{"@id":"https:\/\/www.haatik.com\/fr\/2025\/10\/22\/pasaiako-dantza-festibalaren-8-edizioa-martxan\/"},"wordCount":321,"commentCount":0,"publisher":{"@id":"https:\/\/www.haatik.com\/eu\/#organization"},"image":{"@id":"https:\/\/www.haatik.com\/fr\/2025\/10\/22\/pasaiako-dantza-festibalaren-8-edizioa-martxan\/#primaryimage"},"thumbnailUrl":"https:\/\/www.haatik.com\/wp-content\/uploads\/PDF2026_web_argazkia2.jpg","articleSection":["Albistea","Non classifi\u00e9(e)"],"inLanguage":"fr-FR","potentialAction":[{"@type":"CommentAction","name":"Comment","target":["https:\/\/www.haatik.com\/fr\/2025\/10\/22\/pasaiako-dantza-festibalaren-8-edizioa-martxan\/#respond"]}]},{"@type":"WebPage","@id":"https:\/\/www.haatik.com\/fr\/2025\/10\/22\/pasaiako-dantza-festibalaren-8-edizioa-martxan\/","url":"https:\/\/www.haatik.com\/fr\/2025\/10\/22\/pasaiako-dantza-festibalaren-8-edizioa-martxan\/","name":"LA 8\u00c8 \u00c9DITION DU PASAIAKO DANTZA FESTIBALA EST EN MARCHE ! | haatik","isPartOf":{"@id":"https:\/\/www.haatik.com\/eu\/#website"},"primaryImageOfPage":{"@id":"https:\/\/www.haatik.com\/fr\/2025\/10\/22\/pasaiako-dantza-festibalaren-8-edizioa-martxan\/#primaryimage"},"image":{"@id":"https:\/\/www.haatik.com\/fr\/2025\/10\/22\/pasaiako-dantza-festibalaren-8-edizioa-martxan\/#primaryimage"},"thumbnailUrl":"https:\/\/www.haatik.com\/wp-content\/uploads\/PDF2026_web_argazkia2.jpg","datePublished":"2025-10-22T07:51:27+00:00","dateModified":"2025-10-22T08:34:03+00:00","breadcrumb":{"@id":"https:\/\/www.haatik.com\/fr\/2025\/10\/22\/pasaiako-dantza-festibalaren-8-edizioa-martxan\/#breadcrumb"},"inLanguage":"fr-FR","potentialAction":[{"@type":"ReadAction","target":["https:\/\/www.haatik.com\/fr\/2025\/10\/22\/pasaiako-dantza-festibalaren-8-edizioa-martxan\/"]}]},{"@type":"ImageObject","inLanguage":"fr-FR","@id":"https:\/\/www.haatik.com\/fr\/2025\/10\/22\/pasaiako-dantza-festibalaren-8-edizioa-martxan\/#primaryimage","url":"https:\/\/www.haatik.com\/wp-content\/uploads\/PDF2026_web_argazkia2.jpg","contentUrl":"https:\/\/www.haatik.com\/wp-content\/uploads\/PDF2026_web_argazkia2.jpg","width":1500,"height":533,"caption":"Screenshot"},{"@type":"BreadcrumbList","@id":"https:\/\/www.haatik.com\/fr\/2025\/10\/22\/pasaiako-dantza-festibalaren-8-edizioa-martxan\/#breadcrumb","itemListElement":[{"@type":"ListItem","position":1,"name":"Home","item":"https:\/\/www.haatik.com\/fr\/"},{"@type":"ListItem","position":2,"name":"LA 8\u00c8 \u00c9DITION DU PASAIAKO DANTZA FESTIBALA EST EN MARCHE !"}]},{"@type":"WebSite","@id":"https:\/\/www.haatik.com\/eu\/#website","url":"https:\/\/www.haatik.com\/eu\/","name":"haatik","description":"haatik dantza konpainia","publisher":{"@id":"https:\/\/www.haatik.com\/eu\/#organization"},"potentialAction":[{"@type":"SearchAction","target":{"@type":"EntryPoint","urlTemplate":"https:\/\/www.haatik.com\/eu\/?s={search_term_string}"},"query-input":{"@type":"PropertyValueSpecification","valueRequired":true,"valueName":"search_term_string"}}],"inLanguage":"fr-FR"},{"@type":"Organization","@id":"https:\/\/www.haatik.com\/eu\/#organization","name":"haatik","url":"https:\/\/www.haatik.com\/eu\/","logo":{"@type":"ImageObject","inLanguage":"fr-FR","@id":"https:\/\/www.haatik.com\/eu\/#\/schema\/logo\/image\/","url":"https:\/\/www.haatik.com\/wp-content\/uploads\/logo_haatik_2016-01.png","contentUrl":"https:\/\/www.haatik.com\/wp-content\/uploads\/logo_haatik_2016-01.png","width":1036,"height":493,"caption":"haatik"},"image":{"@id":"https:\/\/www.haatik.com\/eu\/#\/schema\/logo\/image\/"},"sameAs":["https:\/\/www.facebook.com\/HaatikDantzaKonpainia\/","https:\/\/x.com\/Haatik_Dantza","https:\/\/instagram.com\/haatikdantzakonpainia"]},{"@type":"Person","@id":"https:\/\/www.haatik.com\/eu\/#\/schema\/person\/af5edf1524d5e8ecbc0a6844874216ad","name":"Iurre","image":{"@type":"ImageObject","inLanguage":"fr-FR","@id":"https:\/\/www.haatik.com\/eu\/#\/schema\/person\/image\/","url":"https:\/\/secure.gravatar.com\/avatar\/946e0ec9c5b3ba45e8517a3e71e6408c?s=96&d=mm&r=g","contentUrl":"https:\/\/secure.gravatar.com\/avatar\/946e0ec9c5b3ba45e8517a3e71e6408c?s=96&d=mm&r=g","caption":"Iurre"},"url":"https:\/\/www.haatik.com\/fr\/author\/iurre\/"}]}},"_links":{"self":[{"href":"https:\/\/www.haatik.com\/fr\/wp-json\/wp\/v2\/posts\/13252","targetHints":{"allow":["GET"]}}],"collection":[{"href":"https:\/\/www.haatik.com\/fr\/wp-json\/wp\/v2\/posts"}],"about":[{"href":"https:\/\/www.haatik.com\/fr\/wp-json\/wp\/v2\/types\/post"}],"author":[{"embeddable":true,"href":"https:\/\/www.haatik.com\/fr\/wp-json\/wp\/v2\/users\/3"}],"replies":[{"embeddable":true,"href":"https:\/\/www.haatik.com\/fr\/wp-json\/wp\/v2\/comments?post=13252"}],"version-history":[{"count":2,"href":"https:\/\/www.haatik.com\/fr\/wp-json\/wp\/v2\/posts\/13252\/revisions"}],"predecessor-version":[{"id":13256,"href":"https:\/\/www.haatik.com\/fr\/wp-json\/wp\/v2\/posts\/13252\/revisions\/13256"}],"wp:featuredmedia":[{"embeddable":true,"href":"https:\/\/www.haatik.com\/fr\/wp-json\/wp\/v2\/media\/13241"}],"wp:attachment":[{"href":"https:\/\/www.haatik.com\/fr\/wp-json\/wp\/v2\/media?parent=13252"}],"wp:term":[{"taxonomy":"category","embeddable":true,"href":"https:\/\/www.haatik.com\/fr\/wp-json\/wp\/v2\/categories?post=13252"},{"taxonomy":"post_tag","embeddable":true,"href":"https:\/\/www.haatik.com\/fr\/wp-json\/wp\/v2\/tags?post=13252"}],"curies":[{"name":"wp","href":"https:\/\/api.w.org\/{rel}","templated":true}]}}