{"id":9430,"date":"2024-11-14T17:32:23","date_gmt":"2024-11-14T17:32:23","guid":{"rendered":"http:\/\/www.haatik.com\/2024\/11\/14\/vii-dantza-festibalaren-egitaraua-martxan\/"},"modified":"2024-11-18T10:34:27","modified_gmt":"2024-11-18T10:34:27","slug":"vii-dantza-festibalaren-egitaraua-martxan","status":"publish","type":"post","link":"https:\/\/www.haatik.com\/es\/2024\/11\/14\/vii-dantza-festibalaren-egitaraua-martxan\/","title":{"rendered":"VII. FESTIBAL DE DANZA EN MARCHA"},"content":{"rendered":"<div class=\"flex-shrink-0 flex flex-col relative items-end\">\n<h3>Hemos abierto la convocatoria para recibir propuestas de creadores y compa\u00f1\u00edas de danza de las siete provincias del Pa\u00eds Vasco! Esta es una oportunidad \u00fanica para dar a conocer tu trabajo y formar parte del Festival de Danza de Pasaia.<\/h3>\n<p>&nbsp;<\/p>\n<p>Por s\u00e9ptimo a\u00f1o consecutivo, Pasaia reafirma su compromiso de convertirse en el epicentro de la danza. A\u00f1o tras a\u00f1o, el festival se consolida como una cita imprescindible para los amantes de la danza del Pa\u00eds Vasco y sus alrededores. Su car\u00e1cter art\u00edstico, social y cultural lo ha posicionado como un referente creciente en el panorama de la danza contempor\u00e1nea. Durante cuatro d\u00edas, los espacios p\u00fablicos y calles de Pasaia se transformar\u00e1n en el coraz\u00f3n de la creatividad, la convivencia y el arte esc\u00e9nico.<\/p>\n<p>El festival no solo busca fomentar la participaci\u00f3n ciudadana, sino tambi\u00e9n impulsar la creaci\u00f3n local y enriquecer el panorama de la danza en el Pa\u00eds Vasco. Propuestas emocionantes y originales, concebidas en la propia localidad, se combinar\u00e1n con piezas impactantes de la danza contempor\u00e1nea actual para ofrecer una experiencia art\u00edstica de calidad. Adem\u00e1s, los espacios urbanos de Pasaia ofrecer\u00e1n un ambiente acogedor e inclusivo, donde p\u00fablico y artistas podr\u00e1n disfrutar y conectar a trav\u00e9s del arte.<\/p>\n<h3><strong>\u00bfPor qu\u00e9 participar?<\/strong><\/h3>\n<p>El Festival de Danza de Pasaia no es solo una exhibici\u00f3n de danza; es un espacio cultural \u00fanico y una plataforma inigualable para creadores. Cada actuaci\u00f3n es cuidadosamente seleccionada para ofrecer una programaci\u00f3n equilibrada, inclusiva y participativa. Este festival se ha convertido en un punto de encuentro cultural, atrayendo tanto a creadores locales como internacionales.<\/p>\n<p>El festival re\u00fane a un p\u00fablico diverso: desde los vecinos de Pasaia hasta espectadores de localidades cercanas y apasionados de la danza, que marcan esta cita como un imprescindible en su calendario. Es una oportunidad excepcional para construir v\u00ednculos en la comunidad a trav\u00e9s de la danza y ser el germen de nuevas creaciones.<\/p>\n<h3><strong>\u00bfTienes una propuesta? \u00a1Pres\u00e9ntala ya!<\/strong><\/h3>\n<p>Si tienes una propuesta en el \u00e1mbito de la danza o las artes esc\u00e9nicas, no dejes pasar esta oportunidad y comparte tu creaci\u00f3n con nosotros. \u00a1Las calles de Pasaia pueden convertirse en tu mejor escenario! El plazo para presentar proyectos ya est\u00e1 abierto, y puedes enviar tu candidatura a trav\u00e9s de la web oficial: <a href=\"http:\/\/www.pasaiakodantzafestibala.info\/\" target=\"_new\">www.pasaiakodantzafestibala.info<\/a>. Esta es tu ocasi\u00f3n para dar a conocer tus ideas y mostrarlas ante un p\u00fablico amplio y diverso.<\/p>\n<p>No esperes m\u00e1s y forma parte de este festival \u00fanico.<\/p>\n<h3><strong>Recuerda el \u00e9xito de la \u00faltima edici\u00f3n<\/strong><\/h3>\n<p>No olvides el \u00e9xito de la \u00faltima edici\u00f3n del Festival de Danza de Pasaia. Cont\u00f3 con la participaci\u00f3n de numerosas compa\u00f1\u00edas y creadores que ofrecieron propuestas de gran calidad, recibiendo una excelente acogida por parte del p\u00fablico. El car\u00e1cter cercano y compartido del festival, combinado con obras art\u00edsticas impactantes, convirti\u00f3 las calles de Pasaia en un gran escenario para el arte.<\/p>\n<p>Mientras tanto, te invitamos a disfrutar de las im\u00e1genes de la edici\u00f3n pasada. Es una gran oportunidad para inspirarte y visualizar la magia que te espera en la pr\u00f3xima edici\u00f3n.<\/p>\n<p><strong>\u00a1No pierdas la oportunidad y s\u00e9 parte de esta nueva p\u00e1gina en la historia del Festival de Danza de Pasaia!<\/strong><\/p>\n<\/div>\n<div class=\"flex-shrink-0 flex flex-col relative items-end\"><\/div>\n<div class=\"video-container\"><iframe loading=\"lazy\" title=\"PDF 2024, Laburpena\" width=\"500\" height=\"281\" src=\"https:\/\/www.youtube.com\/embed\/rPIhHcJd_uM?start=15&#038;feature=oembed\" frameborder=\"0\" allow=\"accelerometer; autoplay; clipboard-write; encrypted-media; gyroscope; picture-in-picture; web-share\" referrerpolicy=\"strict-origin-when-cross-origin\" allowfullscreen><\/iframe><\/div>\n","protected":false},"excerpt":{"rendered":"<p>Hemos abierto la convocatoria para recibir propuestas de creadores y compa\u00f1\u00edas de danza de las siete provincias del Pa\u00eds Vasco! [&hellip;]<\/p>\n","protected":false},"author":3,"featured_media":9425,"comment_status":"open","ping_status":"open","sticky":false,"template":"","format":"standard","meta":{"_acf_changed":false,"footnotes":""},"categories":[18],"tags":[],"class_list":["post-9430","post","type-post","status-publish","format-standard","has-post-thumbnail","hentry","category-featured-es"],"acf":[],"yoast_head":"<!-- This site is optimized with the Yoast SEO plugin v24.2 - https:\/\/yoast.com\/wordpress\/plugins\/seo\/ -->\n<title>VII. FESTIBAL DE DANZA EN MARCHA | haatik<\/title>\n<meta name=\"robots\" content=\"index, follow, max-snippet:-1, max-image-preview:large, max-video-preview:-1\" \/>\n<link rel=\"canonical\" href=\"https:\/\/www.haatik.com\/es\/2024\/11\/14\/vii-dantza-festibalaren-egitaraua-martxan\/\" \/>\n<meta property=\"og:locale\" content=\"es_ES\" \/>\n<meta property=\"og:type\" content=\"article\" \/>\n<meta property=\"og:title\" content=\"VII. FESTIBAL DE DANZA EN MARCHA | haatik\" \/>\n<meta property=\"og:description\" content=\"Hemos abierto la convocatoria para recibir propuestas de creadores y compa\u00f1\u00edas de danza de las siete provincias del Pa\u00eds Vasco! [&hellip;]\" \/>\n<meta property=\"og:url\" content=\"https:\/\/www.haatik.com\/es\/2024\/11\/14\/vii-dantza-festibalaren-egitaraua-martxan\/\" \/>\n<meta property=\"og:site_name\" content=\"haatik\" \/>\n<meta property=\"article:publisher\" content=\"https:\/\/www.facebook.com\/HaatikDantzaKonpainia\/\" \/>\n<meta property=\"article:published_time\" content=\"2024-11-14T17:32:23+00:00\" \/>\n<meta property=\"article:modified_time\" content=\"2024-11-18T10:34:27+00:00\" \/>\n<meta property=\"og:image\" content=\"https:\/\/www.haatik.com\/wp-content\/uploads\/DSC02660.jpg\" \/>\n\t<meta property=\"og:image:width\" content=\"2048\" \/>\n\t<meta property=\"og:image:height\" content=\"1152\" \/>\n\t<meta property=\"og:image:type\" content=\"image\/jpeg\" \/>\n<meta name=\"author\" content=\"Iurre\" \/>\n<meta name=\"twitter:card\" content=\"summary_large_image\" \/>\n<meta name=\"twitter:creator\" content=\"@Haatik_Dantza\" \/>\n<meta name=\"twitter:site\" content=\"@Haatik_Dantza\" \/>\n<meta name=\"twitter:label1\" content=\"Escrito por\" \/>\n\t<meta name=\"twitter:data1\" content=\"Iurre\" \/>\n\t<meta name=\"twitter:label2\" content=\"Tiempo de lectura\" \/>\n\t<meta name=\"twitter:data2\" content=\"3 minutos\" \/>\n<script type=\"application\/ld+json\" class=\"yoast-schema-graph\">{\"@context\":\"https:\/\/schema.org\",\"@graph\":[{\"@type\":\"Article\",\"@id\":\"https:\/\/www.haatik.com\/es\/2024\/11\/14\/vii-dantza-festibalaren-egitaraua-martxan\/#article\",\"isPartOf\":{\"@id\":\"https:\/\/www.haatik.com\/es\/2024\/11\/14\/vii-dantza-festibalaren-egitaraua-martxan\/\"},\"author\":{\"name\":\"Iurre\",\"@id\":\"https:\/\/www.haatik.com\/eu\/#\/schema\/person\/af5edf1524d5e8ecbc0a6844874216ad\"},\"headline\":\"VII. FESTIBAL DE DANZA EN MARCHA\",\"datePublished\":\"2024-11-14T17:32:23+00:00\",\"dateModified\":\"2024-11-18T10:34:27+00:00\",\"mainEntityOfPage\":{\"@id\":\"https:\/\/www.haatik.com\/es\/2024\/11\/14\/vii-dantza-festibalaren-egitaraua-martxan\/\"},\"wordCount\":590,\"commentCount\":0,\"publisher\":{\"@id\":\"https:\/\/www.haatik.com\/eu\/#organization\"},\"image\":{\"@id\":\"https:\/\/www.haatik.com\/es\/2024\/11\/14\/vii-dantza-festibalaren-egitaraua-martxan\/#primaryimage\"},\"thumbnailUrl\":\"https:\/\/www.haatik.com\/wp-content\/uploads\/DSC02660.jpg\",\"articleSection\":[\"Albistea\"],\"inLanguage\":\"es\",\"potentialAction\":[{\"@type\":\"CommentAction\",\"name\":\"Comment\",\"target\":[\"https:\/\/www.haatik.com\/es\/2024\/11\/14\/vii-dantza-festibalaren-egitaraua-martxan\/#respond\"]}]},{\"@type\":\"WebPage\",\"@id\":\"https:\/\/www.haatik.com\/es\/2024\/11\/14\/vii-dantza-festibalaren-egitaraua-martxan\/\",\"url\":\"https:\/\/www.haatik.com\/es\/2024\/11\/14\/vii-dantza-festibalaren-egitaraua-martxan\/\",\"name\":\"VII. FESTIBAL DE DANZA EN MARCHA | haatik\",\"isPartOf\":{\"@id\":\"https:\/\/www.haatik.com\/eu\/#website\"},\"primaryImageOfPage\":{\"@id\":\"https:\/\/www.haatik.com\/es\/2024\/11\/14\/vii-dantza-festibalaren-egitaraua-martxan\/#primaryimage\"},\"image\":{\"@id\":\"https:\/\/www.haatik.com\/es\/2024\/11\/14\/vii-dantza-festibalaren-egitaraua-martxan\/#primaryimage\"},\"thumbnailUrl\":\"https:\/\/www.haatik.com\/wp-content\/uploads\/DSC02660.jpg\",\"datePublished\":\"2024-11-14T17:32:23+00:00\",\"dateModified\":\"2024-11-18T10:34:27+00:00\",\"breadcrumb\":{\"@id\":\"https:\/\/www.haatik.com\/es\/2024\/11\/14\/vii-dantza-festibalaren-egitaraua-martxan\/#breadcrumb\"},\"inLanguage\":\"es\",\"potentialAction\":[{\"@type\":\"ReadAction\",\"target\":[\"https:\/\/www.haatik.com\/es\/2024\/11\/14\/vii-dantza-festibalaren-egitaraua-martxan\/\"]}]},{\"@type\":\"ImageObject\",\"inLanguage\":\"es\",\"@id\":\"https:\/\/www.haatik.com\/es\/2024\/11\/14\/vii-dantza-festibalaren-egitaraua-martxan\/#primaryimage\",\"url\":\"https:\/\/www.haatik.com\/wp-content\/uploads\/DSC02660.jpg\",\"contentUrl\":\"https:\/\/www.haatik.com\/wp-content\/uploads\/DSC02660.jpg\",\"width\":2048,\"height\":1152},{\"@type\":\"BreadcrumbList\",\"@id\":\"https:\/\/www.haatik.com\/es\/2024\/11\/14\/vii-dantza-festibalaren-egitaraua-martxan\/#breadcrumb\",\"itemListElement\":[{\"@type\":\"ListItem\",\"position\":1,\"name\":\"Home\",\"item\":\"https:\/\/www.haatik.com\/es\/\"},{\"@type\":\"ListItem\",\"position\":2,\"name\":\"VII. FESTIBAL DE DANZA EN MARCHA\"}]},{\"@type\":\"WebSite\",\"@id\":\"https:\/\/www.haatik.com\/eu\/#website\",\"url\":\"https:\/\/www.haatik.com\/eu\/\",\"name\":\"haatik\",\"description\":\"haatik dantza konpainia\",\"publisher\":{\"@id\":\"https:\/\/www.haatik.com\/eu\/#organization\"},\"potentialAction\":[{\"@type\":\"SearchAction\",\"target\":{\"@type\":\"EntryPoint\",\"urlTemplate\":\"https:\/\/www.haatik.com\/eu\/?s={search_term_string}\"},\"query-input\":{\"@type\":\"PropertyValueSpecification\",\"valueRequired\":true,\"valueName\":\"search_term_string\"}}],\"inLanguage\":\"es\"},{\"@type\":\"Organization\",\"@id\":\"https:\/\/www.haatik.com\/eu\/#organization\",\"name\":\"haatik\",\"url\":\"https:\/\/www.haatik.com\/eu\/\",\"logo\":{\"@type\":\"ImageObject\",\"inLanguage\":\"es\",\"@id\":\"https:\/\/www.haatik.com\/eu\/#\/schema\/logo\/image\/\",\"url\":\"https:\/\/www.haatik.com\/wp-content\/uploads\/logo_haatik_2016-01.png\",\"contentUrl\":\"https:\/\/www.haatik.com\/wp-content\/uploads\/logo_haatik_2016-01.png\",\"width\":1036,\"height\":493,\"caption\":\"haatik\"},\"image\":{\"@id\":\"https:\/\/www.haatik.com\/eu\/#\/schema\/logo\/image\/\"},\"sameAs\":[\"https:\/\/www.facebook.com\/HaatikDantzaKonpainia\/\",\"https:\/\/x.com\/Haatik_Dantza\",\"https:\/\/instagram.com\/haatikdantzakonpainia\"]},{\"@type\":\"Person\",\"@id\":\"https:\/\/www.haatik.com\/eu\/#\/schema\/person\/af5edf1524d5e8ecbc0a6844874216ad\",\"name\":\"Iurre\",\"image\":{\"@type\":\"ImageObject\",\"inLanguage\":\"es\",\"@id\":\"https:\/\/www.haatik.com\/eu\/#\/schema\/person\/image\/\",\"url\":\"https:\/\/secure.gravatar.com\/avatar\/946e0ec9c5b3ba45e8517a3e71e6408c?s=96&d=mm&r=g\",\"contentUrl\":\"https:\/\/secure.gravatar.com\/avatar\/946e0ec9c5b3ba45e8517a3e71e6408c?s=96&d=mm&r=g\",\"caption\":\"Iurre\"},\"url\":\"https:\/\/www.haatik.com\/es\/author\/iurre\/\"}]}<\/script>\n<!-- \/ Yoast SEO plugin. -->","yoast_head_json":{"title":"VII. FESTIBAL DE DANZA EN MARCHA | haatik","robots":{"index":"index","follow":"follow","max-snippet":"max-snippet:-1","max-image-preview":"max-image-preview:large","max-video-preview":"max-video-preview:-1"},"canonical":"https:\/\/www.haatik.com\/es\/2024\/11\/14\/vii-dantza-festibalaren-egitaraua-martxan\/","og_locale":"es_ES","og_type":"article","og_title":"VII. FESTIBAL DE DANZA EN MARCHA | haatik","og_description":"Hemos abierto la convocatoria para recibir propuestas de creadores y compa\u00f1\u00edas de danza de las siete provincias del Pa\u00eds Vasco! [&hellip;]","og_url":"https:\/\/www.haatik.com\/es\/2024\/11\/14\/vii-dantza-festibalaren-egitaraua-martxan\/","og_site_name":"haatik","article_publisher":"https:\/\/www.facebook.com\/HaatikDantzaKonpainia\/","article_published_time":"2024-11-14T17:32:23+00:00","article_modified_time":"2024-11-18T10:34:27+00:00","og_image":[{"width":2048,"height":1152,"url":"https:\/\/www.haatik.com\/wp-content\/uploads\/DSC02660.jpg","type":"image\/jpeg"}],"author":"Iurre","twitter_card":"summary_large_image","twitter_creator":"@Haatik_Dantza","twitter_site":"@Haatik_Dantza","twitter_misc":{"Escrito por":"Iurre","Tiempo de lectura":"3 minutos"},"schema":{"@context":"https:\/\/schema.org","@graph":[{"@type":"Article","@id":"https:\/\/www.haatik.com\/es\/2024\/11\/14\/vii-dantza-festibalaren-egitaraua-martxan\/#article","isPartOf":{"@id":"https:\/\/www.haatik.com\/es\/2024\/11\/14\/vii-dantza-festibalaren-egitaraua-martxan\/"},"author":{"name":"Iurre","@id":"https:\/\/www.haatik.com\/eu\/#\/schema\/person\/af5edf1524d5e8ecbc0a6844874216ad"},"headline":"VII. FESTIBAL DE DANZA EN MARCHA","datePublished":"2024-11-14T17:32:23+00:00","dateModified":"2024-11-18T10:34:27+00:00","mainEntityOfPage":{"@id":"https:\/\/www.haatik.com\/es\/2024\/11\/14\/vii-dantza-festibalaren-egitaraua-martxan\/"},"wordCount":590,"commentCount":0,"publisher":{"@id":"https:\/\/www.haatik.com\/eu\/#organization"},"image":{"@id":"https:\/\/www.haatik.com\/es\/2024\/11\/14\/vii-dantza-festibalaren-egitaraua-martxan\/#primaryimage"},"thumbnailUrl":"https:\/\/www.haatik.com\/wp-content\/uploads\/DSC02660.jpg","articleSection":["Albistea"],"inLanguage":"es","potentialAction":[{"@type":"CommentAction","name":"Comment","target":["https:\/\/www.haatik.com\/es\/2024\/11\/14\/vii-dantza-festibalaren-egitaraua-martxan\/#respond"]}]},{"@type":"WebPage","@id":"https:\/\/www.haatik.com\/es\/2024\/11\/14\/vii-dantza-festibalaren-egitaraua-martxan\/","url":"https:\/\/www.haatik.com\/es\/2024\/11\/14\/vii-dantza-festibalaren-egitaraua-martxan\/","name":"VII. FESTIBAL DE DANZA EN MARCHA | haatik","isPartOf":{"@id":"https:\/\/www.haatik.com\/eu\/#website"},"primaryImageOfPage":{"@id":"https:\/\/www.haatik.com\/es\/2024\/11\/14\/vii-dantza-festibalaren-egitaraua-martxan\/#primaryimage"},"image":{"@id":"https:\/\/www.haatik.com\/es\/2024\/11\/14\/vii-dantza-festibalaren-egitaraua-martxan\/#primaryimage"},"thumbnailUrl":"https:\/\/www.haatik.com\/wp-content\/uploads\/DSC02660.jpg","datePublished":"2024-11-14T17:32:23+00:00","dateModified":"2024-11-18T10:34:27+00:00","breadcrumb":{"@id":"https:\/\/www.haatik.com\/es\/2024\/11\/14\/vii-dantza-festibalaren-egitaraua-martxan\/#breadcrumb"},"inLanguage":"es","potentialAction":[{"@type":"ReadAction","target":["https:\/\/www.haatik.com\/es\/2024\/11\/14\/vii-dantza-festibalaren-egitaraua-martxan\/"]}]},{"@type":"ImageObject","inLanguage":"es","@id":"https:\/\/www.haatik.com\/es\/2024\/11\/14\/vii-dantza-festibalaren-egitaraua-martxan\/#primaryimage","url":"https:\/\/www.haatik.com\/wp-content\/uploads\/DSC02660.jpg","contentUrl":"https:\/\/www.haatik.com\/wp-content\/uploads\/DSC02660.jpg","width":2048,"height":1152},{"@type":"BreadcrumbList","@id":"https:\/\/www.haatik.com\/es\/2024\/11\/14\/vii-dantza-festibalaren-egitaraua-martxan\/#breadcrumb","itemListElement":[{"@type":"ListItem","position":1,"name":"Home","item":"https:\/\/www.haatik.com\/es\/"},{"@type":"ListItem","position":2,"name":"VII. FESTIBAL DE DANZA EN MARCHA"}]},{"@type":"WebSite","@id":"https:\/\/www.haatik.com\/eu\/#website","url":"https:\/\/www.haatik.com\/eu\/","name":"haatik","description":"haatik dantza konpainia","publisher":{"@id":"https:\/\/www.haatik.com\/eu\/#organization"},"potentialAction":[{"@type":"SearchAction","target":{"@type":"EntryPoint","urlTemplate":"https:\/\/www.haatik.com\/eu\/?s={search_term_string}"},"query-input":{"@type":"PropertyValueSpecification","valueRequired":true,"valueName":"search_term_string"}}],"inLanguage":"es"},{"@type":"Organization","@id":"https:\/\/www.haatik.com\/eu\/#organization","name":"haatik","url":"https:\/\/www.haatik.com\/eu\/","logo":{"@type":"ImageObject","inLanguage":"es","@id":"https:\/\/www.haatik.com\/eu\/#\/schema\/logo\/image\/","url":"https:\/\/www.haatik.com\/wp-content\/uploads\/logo_haatik_2016-01.png","contentUrl":"https:\/\/www.haatik.com\/wp-content\/uploads\/logo_haatik_2016-01.png","width":1036,"height":493,"caption":"haatik"},"image":{"@id":"https:\/\/www.haatik.com\/eu\/#\/schema\/logo\/image\/"},"sameAs":["https:\/\/www.facebook.com\/HaatikDantzaKonpainia\/","https:\/\/x.com\/Haatik_Dantza","https:\/\/instagram.com\/haatikdantzakonpainia"]},{"@type":"Person","@id":"https:\/\/www.haatik.com\/eu\/#\/schema\/person\/af5edf1524d5e8ecbc0a6844874216ad","name":"Iurre","image":{"@type":"ImageObject","inLanguage":"es","@id":"https:\/\/www.haatik.com\/eu\/#\/schema\/person\/image\/","url":"https:\/\/secure.gravatar.com\/avatar\/946e0ec9c5b3ba45e8517a3e71e6408c?s=96&d=mm&r=g","contentUrl":"https:\/\/secure.gravatar.com\/avatar\/946e0ec9c5b3ba45e8517a3e71e6408c?s=96&d=mm&r=g","caption":"Iurre"},"url":"https:\/\/www.haatik.com\/es\/author\/iurre\/"}]}},"_links":{"self":[{"href":"https:\/\/www.haatik.com\/es\/wp-json\/wp\/v2\/posts\/9430","targetHints":{"allow":["GET"]}}],"collection":[{"href":"https:\/\/www.haatik.com\/es\/wp-json\/wp\/v2\/posts"}],"about":[{"href":"https:\/\/www.haatik.com\/es\/wp-json\/wp\/v2\/types\/post"}],"author":[{"embeddable":true,"href":"https:\/\/www.haatik.com\/es\/wp-json\/wp\/v2\/users\/3"}],"replies":[{"embeddable":true,"href":"https:\/\/www.haatik.com\/es\/wp-json\/wp\/v2\/comments?post=9430"}],"version-history":[{"count":3,"href":"https:\/\/www.haatik.com\/es\/wp-json\/wp\/v2\/posts\/9430\/revisions"}],"predecessor-version":[{"id":9450,"href":"https:\/\/www.haatik.com\/es\/wp-json\/wp\/v2\/posts\/9430\/revisions\/9450"}],"wp:featuredmedia":[{"embeddable":true,"href":"https:\/\/www.haatik.com\/es\/wp-json\/wp\/v2\/media\/9425"}],"wp:attachment":[{"href":"https:\/\/www.haatik.com\/es\/wp-json\/wp\/v2\/media?parent=9430"}],"wp:term":[{"taxonomy":"category","embeddable":true,"href":"https:\/\/www.haatik.com\/es\/wp-json\/wp\/v2\/categories?post=9430"},{"taxonomy":"post_tag","embeddable":true,"href":"https:\/\/www.haatik.com\/es\/wp-json\/wp\/v2\/tags?post=9430"}],"curies":[{"name":"wp","href":"https:\/\/api.w.org\/{rel}","templated":true}]}}