{"id":3416,"date":"2016-04-19T11:37:09","date_gmt":"2016-04-19T09:37:09","guid":{"rendered":"http:\/\/www.haatik.com\/2016\/04\/19\/amonak-tribunatik\/"},"modified":"2017-11-25T21:27:43","modified_gmt":"2017-11-25T21:27:43","slug":"amonak-tribunatik","status":"publish","type":"post","link":"https:\/\/www.haatik.com\/es\/2016\/04\/19\/amonak-tribunatik\/","title":{"rendered":"Desde la tribuna."},"content":{"rendered":"<p class=\"p1\">Al final llego el d\u00eda de presentarnos en Anoeta. Hace ya muchos meses que nos demostraron\u00a0su inter\u00e9s para que presentaramos Itsas Lapurrak y aunque no lo conseguimos a la primera, si\u00a0que pudimos presentarlo en d\u00eda de la Dantza- Soka.<\/p>\n<p class=\"p1\">Tanto Anne como Amaiur, son anoetarras, y nos es la primera vez que bailan\u00a0en Anoeta con Haatik. Hace ya m\u00e1s de dos a\u00f1os que tambi\u00e9n bailaron\u00a0Errimak Oinetan. Anne fue la encargada de hacer difusi\u00f3n del espect\u00e1culo en los medios\u00a0de comunicaci\u00f3n, trabajo muy bien hecho! Mediante radio y tambi\u00e9n a trav\u00e9s de un\u00a0peri\u00f3dico semanal, Tolosaldeako Ataria, para el cual hablo en una entrevista. Amaiur,\u00a0vino desde Barcelona, ya que se encuentra all\u00ed form\u00e1ndose en danza. Pero, como no,\u00a0hizo con mucha ilusi\u00f3n este viaje.<\/p>\n<p class=\"p1\">Otra vez, pasamos toda la ma\u00f1ana pendientes del tiempo. Bueno, para ser sinceros,\u00a0esperando la lluvia. La soka-dantza que se celebr\u00f3 por la ma\u00f1ana estuvo ba\u00f1ada en\u00a0agua, y como no mejoraba el pron\u00f3stico, decidimos actuar en el front\u00f3n.<\/p>\n<p>Como\u00a0si de autoridades\u00a0del pueblo se tratara, el pleno del ayuntamiento fue nuestro vestidor. Como siempre\u00a0hacemos, nos vestimos con nuestros uniformes de trabajo, preparamos el espacio,\u00a0comprobar el suelo del front\u00f3n, intentar que la m\u00fasica se escuchara\u00a0lo mejor posible y como no, siendo un espect\u00e1culo en el que Amaiur llevaba tiempo sin\u00a0participar, hicimos un ensayo con fundamento. La hora estaba llegando y volvimos al<br \/>\nayuntamiento para maquillarnos y vestirnos. Despu\u00e9s de risas nerviosa, romper alg\u00fan\u00a0pololo y esperar a los \u00faltimos retoques de maquillaje de alg\u00fan bailarin, comenzamos\u00a0con el espect\u00e1culo.<\/p>\n<p>&nbsp;<\/p>\n<p>La grada del front\u00f3n estaba totalmente llena. Gente de todas las edades\u2026 Adultos,\u00a0jovenes y ni\u00f1os. Lo m\u00e1s curioso las dos mujeres en primera fila, sentadas cual\u00a0directoras de cine. Puesto que los a\u00f1os no perdonan y un espect\u00e1culo de calle no tiene\u00a0por qu\u00e9 entorpecer la opci\u00f3n de que cada uno vea el espect\u00e1culo de una manera c\u00f3moda,\u00a0se prepararan su propia tribuna\u00a0para poder ver el espect\u00e1culo desde la\u00a0primera fila.<\/p>\n<p>Y cumplimos con lo nuestro! Ovaci\u00f3n y repitiendo la sensaci\u00f3n de que el p\u00fablico estaba\u00a0contento. Vemos que cada vez m\u00e1s ni\u00f1os y j\u00f3venes disfrutan de las aventuras de Itsas\u00a0Lapurrak. Es verdad que el tema es atractivo para este sector, y es un espect\u00e1culo\u00a0id\u00f3neo para ser visto en ambiente familiar. As\u00ed pudimos ver a muchos alumnos de\u00a0Itziar, de la escuela de Irura, sac\u00e1ndose fotos despu\u00e9s de terminar el espect\u00e1culo.<\/p>\n<p>Pues antes de terminar, nuestro m\u00e1s sincero agradecimiento a todos aquellos que\u00a0llenasteis el front\u00f3n y como no, al pueblo y ayuntamiento de Anoeta, sobre todo a Tere\u00a0y a Izaskun, por darnos la oportunidad.<\/p>\n<p class=\"p1\">\n","protected":false},"excerpt":{"rendered":"<p>Al final llego el d\u00eda de presentarnos en Anoeta. Hace ya muchos meses que nos demostraron\u00a0su inter\u00e9s para que presentaramos [&hellip;]<\/p>\n","protected":false},"author":2,"featured_media":3393,"comment_status":"closed","ping_status":"closed","sticky":false,"template":"","format":"standard","meta":{"_acf_changed":false,"footnotes":""},"categories":[19],"tags":[],"class_list":["post-3416","post","type-post","status-publish","format-standard","has-post-thumbnail","hentry","category-emanaldien-kronika-es"],"acf":[],"yoast_head":"<!-- This site is optimized with the Yoast SEO plugin v24.2 - https:\/\/yoast.com\/wordpress\/plugins\/seo\/ -->\n<title>Desde la tribuna. | haatik<\/title>\n<meta name=\"robots\" content=\"index, follow, max-snippet:-1, max-image-preview:large, max-video-preview:-1\" \/>\n<link rel=\"canonical\" href=\"https:\/\/www.haatik.com\/es\/2016\/04\/19\/amonak-tribunatik\/\" \/>\n<meta property=\"og:locale\" content=\"es_ES\" \/>\n<meta property=\"og:type\" content=\"article\" \/>\n<meta property=\"og:title\" content=\"Desde la tribuna. | haatik\" \/>\n<meta property=\"og:description\" content=\"Al final llego el d\u00eda de presentarnos en Anoeta. Hace ya muchos meses que nos demostraron\u00a0su inter\u00e9s para que presentaramos [&hellip;]\" \/>\n<meta property=\"og:url\" content=\"https:\/\/www.haatik.com\/es\/2016\/04\/19\/amonak-tribunatik\/\" \/>\n<meta property=\"og:site_name\" content=\"haatik\" \/>\n<meta property=\"article:publisher\" content=\"https:\/\/www.facebook.com\/HaatikDantzaKonpainia\/\" \/>\n<meta property=\"article:published_time\" content=\"2016-04-19T09:37:09+00:00\" \/>\n<meta property=\"article:modified_time\" content=\"2017-11-25T21:27:43+00:00\" \/>\n<meta property=\"og:image\" content=\"https:\/\/www.haatik.com\/wp-content\/uploads\/01_haatik_ITSAS_LAPURRAK.jpg\" \/>\n\t<meta property=\"og:image:width\" content=\"1200\" \/>\n\t<meta property=\"og:image:height\" content=\"797\" \/>\n\t<meta property=\"og:image:type\" content=\"image\/jpeg\" \/>\n<meta name=\"author\" content=\"Komunikazioa\" \/>\n<meta name=\"twitter:card\" content=\"summary_large_image\" \/>\n<meta name=\"twitter:creator\" content=\"@Haatik_Dantza\" \/>\n<meta name=\"twitter:site\" content=\"@Haatik_Dantza\" \/>\n<meta name=\"twitter:label1\" content=\"Escrito por\" \/>\n\t<meta name=\"twitter:data1\" content=\"Komunikazioa\" \/>\n\t<meta name=\"twitter:label2\" content=\"Tiempo de lectura\" \/>\n\t<meta name=\"twitter:data2\" content=\"2 minutos\" \/>\n<script type=\"application\/ld+json\" class=\"yoast-schema-graph\">{\"@context\":\"https:\/\/schema.org\",\"@graph\":[{\"@type\":\"Article\",\"@id\":\"https:\/\/www.haatik.com\/es\/2016\/04\/19\/amonak-tribunatik\/#article\",\"isPartOf\":{\"@id\":\"https:\/\/www.haatik.com\/es\/2016\/04\/19\/amonak-tribunatik\/\"},\"author\":{\"name\":\"Komunikazioa\",\"@id\":\"https:\/\/www.haatik.com\/eu\/#\/schema\/person\/dcdc6d027502cdffbf04b8c0aecb2cf3\"},\"headline\":\"Desde la tribuna.\",\"datePublished\":\"2016-04-19T09:37:09+00:00\",\"dateModified\":\"2017-11-25T21:27:43+00:00\",\"mainEntityOfPage\":{\"@id\":\"https:\/\/www.haatik.com\/es\/2016\/04\/19\/amonak-tribunatik\/\"},\"wordCount\":494,\"publisher\":{\"@id\":\"https:\/\/www.haatik.com\/eu\/#organization\"},\"image\":{\"@id\":\"https:\/\/www.haatik.com\/es\/2016\/04\/19\/amonak-tribunatik\/#primaryimage\"},\"thumbnailUrl\":\"https:\/\/www.haatik.com\/wp-content\/uploads\/01_haatik_ITSAS_LAPURRAK.jpg\",\"articleSection\":[\"Emanaldien kronika\"],\"inLanguage\":\"es\"},{\"@type\":\"WebPage\",\"@id\":\"https:\/\/www.haatik.com\/es\/2016\/04\/19\/amonak-tribunatik\/\",\"url\":\"https:\/\/www.haatik.com\/es\/2016\/04\/19\/amonak-tribunatik\/\",\"name\":\"Desde la tribuna. | haatik\",\"isPartOf\":{\"@id\":\"https:\/\/www.haatik.com\/eu\/#website\"},\"primaryImageOfPage\":{\"@id\":\"https:\/\/www.haatik.com\/es\/2016\/04\/19\/amonak-tribunatik\/#primaryimage\"},\"image\":{\"@id\":\"https:\/\/www.haatik.com\/es\/2016\/04\/19\/amonak-tribunatik\/#primaryimage\"},\"thumbnailUrl\":\"https:\/\/www.haatik.com\/wp-content\/uploads\/01_haatik_ITSAS_LAPURRAK.jpg\",\"datePublished\":\"2016-04-19T09:37:09+00:00\",\"dateModified\":\"2017-11-25T21:27:43+00:00\",\"breadcrumb\":{\"@id\":\"https:\/\/www.haatik.com\/es\/2016\/04\/19\/amonak-tribunatik\/#breadcrumb\"},\"inLanguage\":\"es\",\"potentialAction\":[{\"@type\":\"ReadAction\",\"target\":[\"https:\/\/www.haatik.com\/es\/2016\/04\/19\/amonak-tribunatik\/\"]}]},{\"@type\":\"ImageObject\",\"inLanguage\":\"es\",\"@id\":\"https:\/\/www.haatik.com\/es\/2016\/04\/19\/amonak-tribunatik\/#primaryimage\",\"url\":\"https:\/\/www.haatik.com\/wp-content\/uploads\/01_haatik_ITSAS_LAPURRAK.jpg\",\"contentUrl\":\"https:\/\/www.haatik.com\/wp-content\/uploads\/01_haatik_ITSAS_LAPURRAK.jpg\",\"width\":1200,\"height\":797,\"caption\":\"haatik, itsas lapurrak, euskal dantza garaikidea, Euskal herria\"},{\"@type\":\"BreadcrumbList\",\"@id\":\"https:\/\/www.haatik.com\/es\/2016\/04\/19\/amonak-tribunatik\/#breadcrumb\",\"itemListElement\":[{\"@type\":\"ListItem\",\"position\":1,\"name\":\"Home\",\"item\":\"https:\/\/www.haatik.com\/es\/\"},{\"@type\":\"ListItem\",\"position\":2,\"name\":\"Desde la tribuna.\"}]},{\"@type\":\"WebSite\",\"@id\":\"https:\/\/www.haatik.com\/eu\/#website\",\"url\":\"https:\/\/www.haatik.com\/eu\/\",\"name\":\"haatik\",\"description\":\"haatik dantza konpainia\",\"publisher\":{\"@id\":\"https:\/\/www.haatik.com\/eu\/#organization\"},\"potentialAction\":[{\"@type\":\"SearchAction\",\"target\":{\"@type\":\"EntryPoint\",\"urlTemplate\":\"https:\/\/www.haatik.com\/eu\/?s={search_term_string}\"},\"query-input\":{\"@type\":\"PropertyValueSpecification\",\"valueRequired\":true,\"valueName\":\"search_term_string\"}}],\"inLanguage\":\"es\"},{\"@type\":\"Organization\",\"@id\":\"https:\/\/www.haatik.com\/eu\/#organization\",\"name\":\"haatik\",\"url\":\"https:\/\/www.haatik.com\/eu\/\",\"logo\":{\"@type\":\"ImageObject\",\"inLanguage\":\"es\",\"@id\":\"https:\/\/www.haatik.com\/eu\/#\/schema\/logo\/image\/\",\"url\":\"https:\/\/www.haatik.com\/wp-content\/uploads\/logo_haatik_2016-01.png\",\"contentUrl\":\"https:\/\/www.haatik.com\/wp-content\/uploads\/logo_haatik_2016-01.png\",\"width\":1036,\"height\":493,\"caption\":\"haatik\"},\"image\":{\"@id\":\"https:\/\/www.haatik.com\/eu\/#\/schema\/logo\/image\/\"},\"sameAs\":[\"https:\/\/www.facebook.com\/HaatikDantzaKonpainia\/\",\"https:\/\/x.com\/Haatik_Dantza\",\"https:\/\/instagram.com\/haatikdantzakonpainia\"]},{\"@type\":\"Person\",\"@id\":\"https:\/\/www.haatik.com\/eu\/#\/schema\/person\/dcdc6d027502cdffbf04b8c0aecb2cf3\",\"name\":\"Komunikazioa\",\"image\":{\"@type\":\"ImageObject\",\"inLanguage\":\"es\",\"@id\":\"https:\/\/www.haatik.com\/eu\/#\/schema\/person\/image\/\",\"url\":\"https:\/\/secure.gravatar.com\/avatar\/?s=96&d=mm&r=g\",\"contentUrl\":\"https:\/\/secure.gravatar.com\/avatar\/?s=96&d=mm&r=g\",\"caption\":\"Komunikazioa\"},\"url\":\"https:\/\/www.haatik.com\/es\/author\/komunikazioa\/\"}]}<\/script>\n<!-- \/ Yoast SEO plugin. -->","yoast_head_json":{"title":"Desde la tribuna. | haatik","robots":{"index":"index","follow":"follow","max-snippet":"max-snippet:-1","max-image-preview":"max-image-preview:large","max-video-preview":"max-video-preview:-1"},"canonical":"https:\/\/www.haatik.com\/es\/2016\/04\/19\/amonak-tribunatik\/","og_locale":"es_ES","og_type":"article","og_title":"Desde la tribuna. | haatik","og_description":"Al final llego el d\u00eda de presentarnos en Anoeta. Hace ya muchos meses que nos demostraron\u00a0su inter\u00e9s para que presentaramos [&hellip;]","og_url":"https:\/\/www.haatik.com\/es\/2016\/04\/19\/amonak-tribunatik\/","og_site_name":"haatik","article_publisher":"https:\/\/www.facebook.com\/HaatikDantzaKonpainia\/","article_published_time":"2016-04-19T09:37:09+00:00","article_modified_time":"2017-11-25T21:27:43+00:00","og_image":[{"width":1200,"height":797,"url":"https:\/\/www.haatik.com\/wp-content\/uploads\/01_haatik_ITSAS_LAPURRAK.jpg","type":"image\/jpeg"}],"author":"Komunikazioa","twitter_card":"summary_large_image","twitter_creator":"@Haatik_Dantza","twitter_site":"@Haatik_Dantza","twitter_misc":{"Escrito por":"Komunikazioa","Tiempo de lectura":"2 minutos"},"schema":{"@context":"https:\/\/schema.org","@graph":[{"@type":"Article","@id":"https:\/\/www.haatik.com\/es\/2016\/04\/19\/amonak-tribunatik\/#article","isPartOf":{"@id":"https:\/\/www.haatik.com\/es\/2016\/04\/19\/amonak-tribunatik\/"},"author":{"name":"Komunikazioa","@id":"https:\/\/www.haatik.com\/eu\/#\/schema\/person\/dcdc6d027502cdffbf04b8c0aecb2cf3"},"headline":"Desde la tribuna.","datePublished":"2016-04-19T09:37:09+00:00","dateModified":"2017-11-25T21:27:43+00:00","mainEntityOfPage":{"@id":"https:\/\/www.haatik.com\/es\/2016\/04\/19\/amonak-tribunatik\/"},"wordCount":494,"publisher":{"@id":"https:\/\/www.haatik.com\/eu\/#organization"},"image":{"@id":"https:\/\/www.haatik.com\/es\/2016\/04\/19\/amonak-tribunatik\/#primaryimage"},"thumbnailUrl":"https:\/\/www.haatik.com\/wp-content\/uploads\/01_haatik_ITSAS_LAPURRAK.jpg","articleSection":["Emanaldien kronika"],"inLanguage":"es"},{"@type":"WebPage","@id":"https:\/\/www.haatik.com\/es\/2016\/04\/19\/amonak-tribunatik\/","url":"https:\/\/www.haatik.com\/es\/2016\/04\/19\/amonak-tribunatik\/","name":"Desde la tribuna. | haatik","isPartOf":{"@id":"https:\/\/www.haatik.com\/eu\/#website"},"primaryImageOfPage":{"@id":"https:\/\/www.haatik.com\/es\/2016\/04\/19\/amonak-tribunatik\/#primaryimage"},"image":{"@id":"https:\/\/www.haatik.com\/es\/2016\/04\/19\/amonak-tribunatik\/#primaryimage"},"thumbnailUrl":"https:\/\/www.haatik.com\/wp-content\/uploads\/01_haatik_ITSAS_LAPURRAK.jpg","datePublished":"2016-04-19T09:37:09+00:00","dateModified":"2017-11-25T21:27:43+00:00","breadcrumb":{"@id":"https:\/\/www.haatik.com\/es\/2016\/04\/19\/amonak-tribunatik\/#breadcrumb"},"inLanguage":"es","potentialAction":[{"@type":"ReadAction","target":["https:\/\/www.haatik.com\/es\/2016\/04\/19\/amonak-tribunatik\/"]}]},{"@type":"ImageObject","inLanguage":"es","@id":"https:\/\/www.haatik.com\/es\/2016\/04\/19\/amonak-tribunatik\/#primaryimage","url":"https:\/\/www.haatik.com\/wp-content\/uploads\/01_haatik_ITSAS_LAPURRAK.jpg","contentUrl":"https:\/\/www.haatik.com\/wp-content\/uploads\/01_haatik_ITSAS_LAPURRAK.jpg","width":1200,"height":797,"caption":"haatik, itsas lapurrak, euskal dantza garaikidea, Euskal herria"},{"@type":"BreadcrumbList","@id":"https:\/\/www.haatik.com\/es\/2016\/04\/19\/amonak-tribunatik\/#breadcrumb","itemListElement":[{"@type":"ListItem","position":1,"name":"Home","item":"https:\/\/www.haatik.com\/es\/"},{"@type":"ListItem","position":2,"name":"Desde la tribuna."}]},{"@type":"WebSite","@id":"https:\/\/www.haatik.com\/eu\/#website","url":"https:\/\/www.haatik.com\/eu\/","name":"haatik","description":"haatik dantza konpainia","publisher":{"@id":"https:\/\/www.haatik.com\/eu\/#organization"},"potentialAction":[{"@type":"SearchAction","target":{"@type":"EntryPoint","urlTemplate":"https:\/\/www.haatik.com\/eu\/?s={search_term_string}"},"query-input":{"@type":"PropertyValueSpecification","valueRequired":true,"valueName":"search_term_string"}}],"inLanguage":"es"},{"@type":"Organization","@id":"https:\/\/www.haatik.com\/eu\/#organization","name":"haatik","url":"https:\/\/www.haatik.com\/eu\/","logo":{"@type":"ImageObject","inLanguage":"es","@id":"https:\/\/www.haatik.com\/eu\/#\/schema\/logo\/image\/","url":"https:\/\/www.haatik.com\/wp-content\/uploads\/logo_haatik_2016-01.png","contentUrl":"https:\/\/www.haatik.com\/wp-content\/uploads\/logo_haatik_2016-01.png","width":1036,"height":493,"caption":"haatik"},"image":{"@id":"https:\/\/www.haatik.com\/eu\/#\/schema\/logo\/image\/"},"sameAs":["https:\/\/www.facebook.com\/HaatikDantzaKonpainia\/","https:\/\/x.com\/Haatik_Dantza","https:\/\/instagram.com\/haatikdantzakonpainia"]},{"@type":"Person","@id":"https:\/\/www.haatik.com\/eu\/#\/schema\/person\/dcdc6d027502cdffbf04b8c0aecb2cf3","name":"Komunikazioa","image":{"@type":"ImageObject","inLanguage":"es","@id":"https:\/\/www.haatik.com\/eu\/#\/schema\/person\/image\/","url":"https:\/\/secure.gravatar.com\/avatar\/?s=96&d=mm&r=g","contentUrl":"https:\/\/secure.gravatar.com\/avatar\/?s=96&d=mm&r=g","caption":"Komunikazioa"},"url":"https:\/\/www.haatik.com\/es\/author\/komunikazioa\/"}]}},"_links":{"self":[{"href":"https:\/\/www.haatik.com\/es\/wp-json\/wp\/v2\/posts\/3416","targetHints":{"allow":["GET"]}}],"collection":[{"href":"https:\/\/www.haatik.com\/es\/wp-json\/wp\/v2\/posts"}],"about":[{"href":"https:\/\/www.haatik.com\/es\/wp-json\/wp\/v2\/types\/post"}],"author":[{"embeddable":true,"href":"https:\/\/www.haatik.com\/es\/wp-json\/wp\/v2\/users\/2"}],"replies":[{"embeddable":true,"href":"https:\/\/www.haatik.com\/es\/wp-json\/wp\/v2\/comments?post=3416"}],"version-history":[{"count":5,"href":"https:\/\/www.haatik.com\/es\/wp-json\/wp\/v2\/posts\/3416\/revisions"}],"predecessor-version":[{"id":3421,"href":"https:\/\/www.haatik.com\/es\/wp-json\/wp\/v2\/posts\/3416\/revisions\/3421"}],"wp:featuredmedia":[{"embeddable":true,"href":"https:\/\/www.haatik.com\/es\/wp-json\/wp\/v2\/media\/3393"}],"wp:attachment":[{"href":"https:\/\/www.haatik.com\/es\/wp-json\/wp\/v2\/media?parent=3416"}],"wp:term":[{"taxonomy":"category","embeddable":true,"href":"https:\/\/www.haatik.com\/es\/wp-json\/wp\/v2\/categories?post=3416"},{"taxonomy":"post_tag","embeddable":true,"href":"https:\/\/www.haatik.com\/es\/wp-json\/wp\/v2\/tags?post=3416"}],"curies":[{"name":"wp","href":"https:\/\/api.w.org\/{rel}","templated":true}]}}