{"id":13248,"date":"2025-10-22T07:51:27","date_gmt":"2025-10-22T07:51:27","guid":{"rendered":"https:\/\/www.haatik.com\/2025\/10\/22\/pasaiako-dantza-festibalaren-8-edizioa-martxan\/"},"modified":"2025-10-28T10:13:40","modified_gmt":"2025-10-28T10:13:40","slug":"pasaiako-dantza-festibalaren-8-edizioa-martxan","status":"publish","type":"post","link":"https:\/\/www.haatik.com\/es\/2025\/10\/22\/pasaiako-dantza-festibalaren-8-edizioa-martxan\/","title":{"rendered":"\u00a1YA ESTA EN MARCHA LA 8\u00aa EDICI\u00d3N DEL PDF!"},"content":{"rendered":"<h3><strong>Ya est\u00e1 abierta la convocatoria para recibir las propuestas para participar en la 8\u00aa edici\u00f3n del Pasaiako Dantza Festibala. Abrimos la convocatoria a creadores y compa\u00f1\u00edas de danza vascas.<\/strong><\/h3>\n<p><span class=\"Apple-converted-space\">El Pasaiako Dantza Festibala se ha convertido en una cita de gran calado entre el <strong>circuito de festivales de artes esc\u00e9nicas de calle<\/strong> de Euskal Herria y estamos de nuevo en marcha con la intenci\u00f3n e ilusi\u00f3n de organizar una nueva edici\u00f3n inolvidable. <\/span><\/p>\n<p>El objetivo principal del PDF desde sus inicios ha sido la de <strong>acercar la danza y las artes esc\u00e9nicas<\/strong> en general, a la ciudadan\u00eda de Pasaia y de su entorno, atrayendo a <strong>nuevos espectadores<\/strong> y as\u00ed generando distintos recursos para la difusi\u00f3n y consolidaci\u00f3n de nuestra comunidad. Asimismo, desde el festival se pretende impulsar la <strong>creatividad local<\/strong>, convirti\u00e9ndola un a\u00f1o m\u00e1s en escaparate y refugio de compa\u00f1\u00edas vascas.<\/p>\n<p><img loading=\"lazy\" decoding=\"async\" class=\"size-medium wp-image-13416 aligncenter\" src=\"https:\/\/www.haatik.com\/wp-content\/uploads\/DSC05629-750x500.jpg\" alt=\"\" width=\"750\" height=\"500\" srcset=\"https:\/\/www.haatik.com\/wp-content\/uploads\/DSC05629-750x500.jpg 750w, https:\/\/www.haatik.com\/wp-content\/uploads\/DSC05629-1024x683.jpg 1024w, https:\/\/www.haatik.com\/wp-content\/uploads\/DSC05629-768x512.jpg 768w, https:\/\/www.haatik.com\/wp-content\/uploads\/DSC05629-1536x1024.jpg 1536w, https:\/\/www.haatik.com\/wp-content\/uploads\/DSC05629-2000x1333.jpg 2000w, https:\/\/www.haatik.com\/wp-content\/uploads\/DSC05629.jpg 2048w\" sizes=\"auto, (max-width: 750px) 100vw, 750px\" \/><\/p>\n<p>De esta manera, os convocamos a vosotros, <strong>creadores y compa\u00f1\u00edas de las siete provincias de Euskal Herria<\/strong>, para que present\u00e9is las <strong>piezas de corta y media duraci\u00f3n <\/strong>que tendr\u00e9is preparadas para el pr\u00f3ximo mes de junio. Y por supuesto, trat\u00e1ndose de un festival callejero, las piezas deber\u00e1n estar <strong>creadas o preparadas para ser presentadas en la calle o en espacios no convencionales.<\/strong><\/p>\n<p>Adem\u00e1s, dado que el PDF quiere ser un <strong>festival participativo<\/strong>, igualitario e integrador, si quisieseis llevar a cabo alguna otra actividad (talleres, conferencias, exposiciones&#8230;) adem\u00e1s de las piezas de danza, estar\u00edamos encantados de escuchar vuestras propuestas y considerarlas como tales.<\/p>\n<p><img loading=\"lazy\" decoding=\"async\" class=\"size-medium wp-image-13412 aligncenter\" src=\"https:\/\/www.haatik.com\/wp-content\/uploads\/IMG_8506-750x500.jpg\" alt=\"\" width=\"750\" height=\"500\" srcset=\"https:\/\/www.haatik.com\/wp-content\/uploads\/IMG_8506-750x500.jpg 750w, https:\/\/www.haatik.com\/wp-content\/uploads\/IMG_8506-1024x683.jpg 1024w, https:\/\/www.haatik.com\/wp-content\/uploads\/IMG_8506-768x512.jpg 768w, https:\/\/www.haatik.com\/wp-content\/uploads\/IMG_8506-1536x1024.jpg 1536w, https:\/\/www.haatik.com\/wp-content\/uploads\/IMG_8506-2000x1333.jpg 2000w, https:\/\/www.haatik.com\/wp-content\/uploads\/IMG_8506.jpg 2048w\" sizes=\"auto, (max-width: 750px) 100vw, 750px\" \/><\/p>\n<p>\u00a1Atenci\u00f3n! Ten\u00e9is hasta el<strong> 14 de noviembre <\/strong>para enviar vuestras propuestas a trav\u00e9s del formulario que encontrar\u00e9is en la p\u00e1gina web <a href=\"http:\/\/www.pasaiakodantzafestibala.info\/\" target=\"_blank\" rel=\"noopener\">www.pasaiakodantzafestibala.info<\/a>.<\/p>\n<p><strong>No te pierdas esta oportunidad \u00fanica de completar junto a nosotros el pr\u00f3ximo cap\u00edtulo del Pasaiako Dantza Festibala. \u00a1Estamos deseando tener noticias vuestras!<\/strong><\/p>\n<p>&nbsp;<\/p>\n<p><strong>J.A. 2025<\/strong><\/p>\n","protected":false},"excerpt":{"rendered":"<p>Ya est\u00e1 abierta la convocatoria para recibir las propuestas para participar en la 8\u00aa edici\u00f3n del Pasaiako Dantza Festibala. Abrimos [&hellip;]<\/p>\n","protected":false},"author":3,"featured_media":13242,"comment_status":"open","ping_status":"open","sticky":false,"template":"","format":"standard","meta":{"_acf_changed":false,"footnotes":""},"categories":[18,15],"tags":[],"class_list":["post-13248","post","type-post","status-publish","format-standard","has-post-thumbnail","hentry","category-featured-es","category-sin-categorizar"],"acf":[],"yoast_head":"<!-- This site is optimized with the Yoast SEO plugin v24.2 - https:\/\/yoast.com\/wordpress\/plugins\/seo\/ -->\n<title>\u00a1YA ESTA EN MARCHA LA 8\u00aa EDICI\u00d3N DEL PDF! | haatik<\/title>\n<meta name=\"robots\" content=\"index, follow, max-snippet:-1, max-image-preview:large, max-video-preview:-1\" \/>\n<link rel=\"canonical\" href=\"https:\/\/www.haatik.com\/es\/2025\/10\/22\/pasaiako-dantza-festibalaren-8-edizioa-martxan\/\" \/>\n<meta property=\"og:locale\" content=\"es_ES\" \/>\n<meta property=\"og:type\" content=\"article\" \/>\n<meta property=\"og:title\" content=\"\u00a1YA ESTA EN MARCHA LA 8\u00aa EDICI\u00d3N DEL PDF! | haatik\" \/>\n<meta property=\"og:description\" content=\"Ya est\u00e1 abierta la convocatoria para recibir las propuestas para participar en la 8\u00aa edici\u00f3n del Pasaiako Dantza Festibala. Abrimos [&hellip;]\" \/>\n<meta property=\"og:url\" content=\"https:\/\/www.haatik.com\/es\/2025\/10\/22\/pasaiako-dantza-festibalaren-8-edizioa-martxan\/\" \/>\n<meta property=\"og:site_name\" content=\"haatik\" \/>\n<meta property=\"article:publisher\" content=\"https:\/\/www.facebook.com\/HaatikDantzaKonpainia\/\" \/>\n<meta property=\"article:published_time\" content=\"2025-10-22T07:51:27+00:00\" \/>\n<meta property=\"article:modified_time\" content=\"2025-10-28T10:13:40+00:00\" \/>\n<meta property=\"og:image\" content=\"https:\/\/www.haatik.com\/wp-content\/uploads\/PDF2026_web_argazkia2.jpg\" \/>\n\t<meta property=\"og:image:width\" content=\"1500\" \/>\n\t<meta property=\"og:image:height\" content=\"533\" \/>\n\t<meta property=\"og:image:type\" content=\"image\/jpeg\" \/>\n<meta name=\"author\" content=\"Iurre\" \/>\n<meta name=\"twitter:card\" content=\"summary_large_image\" \/>\n<meta name=\"twitter:creator\" content=\"@Haatik_Dantza\" \/>\n<meta name=\"twitter:site\" content=\"@Haatik_Dantza\" \/>\n<meta name=\"twitter:label1\" content=\"Escrito por\" \/>\n\t<meta name=\"twitter:data1\" content=\"Iurre\" \/>\n\t<meta name=\"twitter:label2\" content=\"Tiempo de lectura\" \/>\n\t<meta name=\"twitter:data2\" content=\"2 minutos\" \/>\n<script type=\"application\/ld+json\" class=\"yoast-schema-graph\">{\"@context\":\"https:\/\/schema.org\",\"@graph\":[{\"@type\":\"Article\",\"@id\":\"https:\/\/www.haatik.com\/es\/2025\/10\/22\/pasaiako-dantza-festibalaren-8-edizioa-martxan\/#article\",\"isPartOf\":{\"@id\":\"https:\/\/www.haatik.com\/es\/2025\/10\/22\/pasaiako-dantza-festibalaren-8-edizioa-martxan\/\"},\"author\":{\"name\":\"Iurre\",\"@id\":\"https:\/\/www.haatik.com\/eu\/#\/schema\/person\/af5edf1524d5e8ecbc0a6844874216ad\"},\"headline\":\"\u00a1YA ESTA EN MARCHA LA 8\u00aa EDICI\u00d3N DEL PDF!\",\"datePublished\":\"2025-10-22T07:51:27+00:00\",\"dateModified\":\"2025-10-28T10:13:40+00:00\",\"mainEntityOfPage\":{\"@id\":\"https:\/\/www.haatik.com\/es\/2025\/10\/22\/pasaiako-dantza-festibalaren-8-edizioa-martxan\/\"},\"wordCount\":330,\"commentCount\":0,\"publisher\":{\"@id\":\"https:\/\/www.haatik.com\/eu\/#organization\"},\"image\":{\"@id\":\"https:\/\/www.haatik.com\/es\/2025\/10\/22\/pasaiako-dantza-festibalaren-8-edizioa-martxan\/#primaryimage\"},\"thumbnailUrl\":\"https:\/\/www.haatik.com\/wp-content\/uploads\/PDF2026_web_argazkia2.jpg\",\"articleSection\":[\"Albistea\",\"Sin categorizar\"],\"inLanguage\":\"es\",\"potentialAction\":[{\"@type\":\"CommentAction\",\"name\":\"Comment\",\"target\":[\"https:\/\/www.haatik.com\/es\/2025\/10\/22\/pasaiako-dantza-festibalaren-8-edizioa-martxan\/#respond\"]}]},{\"@type\":\"WebPage\",\"@id\":\"https:\/\/www.haatik.com\/es\/2025\/10\/22\/pasaiako-dantza-festibalaren-8-edizioa-martxan\/\",\"url\":\"https:\/\/www.haatik.com\/es\/2025\/10\/22\/pasaiako-dantza-festibalaren-8-edizioa-martxan\/\",\"name\":\"\u00a1YA ESTA EN MARCHA LA 8\u00aa EDICI\u00d3N DEL PDF! | haatik\",\"isPartOf\":{\"@id\":\"https:\/\/www.haatik.com\/eu\/#website\"},\"primaryImageOfPage\":{\"@id\":\"https:\/\/www.haatik.com\/es\/2025\/10\/22\/pasaiako-dantza-festibalaren-8-edizioa-martxan\/#primaryimage\"},\"image\":{\"@id\":\"https:\/\/www.haatik.com\/es\/2025\/10\/22\/pasaiako-dantza-festibalaren-8-edizioa-martxan\/#primaryimage\"},\"thumbnailUrl\":\"https:\/\/www.haatik.com\/wp-content\/uploads\/PDF2026_web_argazkia2.jpg\",\"datePublished\":\"2025-10-22T07:51:27+00:00\",\"dateModified\":\"2025-10-28T10:13:40+00:00\",\"breadcrumb\":{\"@id\":\"https:\/\/www.haatik.com\/es\/2025\/10\/22\/pasaiako-dantza-festibalaren-8-edizioa-martxan\/#breadcrumb\"},\"inLanguage\":\"es\",\"potentialAction\":[{\"@type\":\"ReadAction\",\"target\":[\"https:\/\/www.haatik.com\/es\/2025\/10\/22\/pasaiako-dantza-festibalaren-8-edizioa-martxan\/\"]}]},{\"@type\":\"ImageObject\",\"inLanguage\":\"es\",\"@id\":\"https:\/\/www.haatik.com\/es\/2025\/10\/22\/pasaiako-dantza-festibalaren-8-edizioa-martxan\/#primaryimage\",\"url\":\"https:\/\/www.haatik.com\/wp-content\/uploads\/PDF2026_web_argazkia2.jpg\",\"contentUrl\":\"https:\/\/www.haatik.com\/wp-content\/uploads\/PDF2026_web_argazkia2.jpg\",\"width\":1500,\"height\":533,\"caption\":\"Screenshot\"},{\"@type\":\"BreadcrumbList\",\"@id\":\"https:\/\/www.haatik.com\/es\/2025\/10\/22\/pasaiako-dantza-festibalaren-8-edizioa-martxan\/#breadcrumb\",\"itemListElement\":[{\"@type\":\"ListItem\",\"position\":1,\"name\":\"Home\",\"item\":\"https:\/\/www.haatik.com\/es\/\"},{\"@type\":\"ListItem\",\"position\":2,\"name\":\"\u00a1YA ESTA EN MARCHA LA 8\u00aa EDICI\u00d3N DEL PDF!\"}]},{\"@type\":\"WebSite\",\"@id\":\"https:\/\/www.haatik.com\/eu\/#website\",\"url\":\"https:\/\/www.haatik.com\/eu\/\",\"name\":\"haatik\",\"description\":\"haatik dantza konpainia\",\"publisher\":{\"@id\":\"https:\/\/www.haatik.com\/eu\/#organization\"},\"potentialAction\":[{\"@type\":\"SearchAction\",\"target\":{\"@type\":\"EntryPoint\",\"urlTemplate\":\"https:\/\/www.haatik.com\/eu\/?s={search_term_string}\"},\"query-input\":{\"@type\":\"PropertyValueSpecification\",\"valueRequired\":true,\"valueName\":\"search_term_string\"}}],\"inLanguage\":\"es\"},{\"@type\":\"Organization\",\"@id\":\"https:\/\/www.haatik.com\/eu\/#organization\",\"name\":\"haatik\",\"url\":\"https:\/\/www.haatik.com\/eu\/\",\"logo\":{\"@type\":\"ImageObject\",\"inLanguage\":\"es\",\"@id\":\"https:\/\/www.haatik.com\/eu\/#\/schema\/logo\/image\/\",\"url\":\"https:\/\/www.haatik.com\/wp-content\/uploads\/logo_haatik_2016-01.png\",\"contentUrl\":\"https:\/\/www.haatik.com\/wp-content\/uploads\/logo_haatik_2016-01.png\",\"width\":1036,\"height\":493,\"caption\":\"haatik\"},\"image\":{\"@id\":\"https:\/\/www.haatik.com\/eu\/#\/schema\/logo\/image\/\"},\"sameAs\":[\"https:\/\/www.facebook.com\/HaatikDantzaKonpainia\/\",\"https:\/\/x.com\/Haatik_Dantza\",\"https:\/\/instagram.com\/haatikdantzakonpainia\"]},{\"@type\":\"Person\",\"@id\":\"https:\/\/www.haatik.com\/eu\/#\/schema\/person\/af5edf1524d5e8ecbc0a6844874216ad\",\"name\":\"Iurre\",\"image\":{\"@type\":\"ImageObject\",\"inLanguage\":\"es\",\"@id\":\"https:\/\/www.haatik.com\/eu\/#\/schema\/person\/image\/\",\"url\":\"https:\/\/secure.gravatar.com\/avatar\/946e0ec9c5b3ba45e8517a3e71e6408c?s=96&d=mm&r=g\",\"contentUrl\":\"https:\/\/secure.gravatar.com\/avatar\/946e0ec9c5b3ba45e8517a3e71e6408c?s=96&d=mm&r=g\",\"caption\":\"Iurre\"},\"url\":\"https:\/\/www.haatik.com\/es\/author\/iurre\/\"}]}<\/script>\n<!-- \/ Yoast SEO plugin. -->","yoast_head_json":{"title":"\u00a1YA ESTA EN MARCHA LA 8\u00aa EDICI\u00d3N DEL PDF! | haatik","robots":{"index":"index","follow":"follow","max-snippet":"max-snippet:-1","max-image-preview":"max-image-preview:large","max-video-preview":"max-video-preview:-1"},"canonical":"https:\/\/www.haatik.com\/es\/2025\/10\/22\/pasaiako-dantza-festibalaren-8-edizioa-martxan\/","og_locale":"es_ES","og_type":"article","og_title":"\u00a1YA ESTA EN MARCHA LA 8\u00aa EDICI\u00d3N DEL PDF! | haatik","og_description":"Ya est\u00e1 abierta la convocatoria para recibir las propuestas para participar en la 8\u00aa edici\u00f3n del Pasaiako Dantza Festibala. Abrimos [&hellip;]","og_url":"https:\/\/www.haatik.com\/es\/2025\/10\/22\/pasaiako-dantza-festibalaren-8-edizioa-martxan\/","og_site_name":"haatik","article_publisher":"https:\/\/www.facebook.com\/HaatikDantzaKonpainia\/","article_published_time":"2025-10-22T07:51:27+00:00","article_modified_time":"2025-10-28T10:13:40+00:00","og_image":[{"width":1500,"height":533,"url":"https:\/\/www.haatik.com\/wp-content\/uploads\/PDF2026_web_argazkia2.jpg","type":"image\/jpeg"}],"author":"Iurre","twitter_card":"summary_large_image","twitter_creator":"@Haatik_Dantza","twitter_site":"@Haatik_Dantza","twitter_misc":{"Escrito por":"Iurre","Tiempo de lectura":"2 minutos"},"schema":{"@context":"https:\/\/schema.org","@graph":[{"@type":"Article","@id":"https:\/\/www.haatik.com\/es\/2025\/10\/22\/pasaiako-dantza-festibalaren-8-edizioa-martxan\/#article","isPartOf":{"@id":"https:\/\/www.haatik.com\/es\/2025\/10\/22\/pasaiako-dantza-festibalaren-8-edizioa-martxan\/"},"author":{"name":"Iurre","@id":"https:\/\/www.haatik.com\/eu\/#\/schema\/person\/af5edf1524d5e8ecbc0a6844874216ad"},"headline":"\u00a1YA ESTA EN MARCHA LA 8\u00aa EDICI\u00d3N DEL PDF!","datePublished":"2025-10-22T07:51:27+00:00","dateModified":"2025-10-28T10:13:40+00:00","mainEntityOfPage":{"@id":"https:\/\/www.haatik.com\/es\/2025\/10\/22\/pasaiako-dantza-festibalaren-8-edizioa-martxan\/"},"wordCount":330,"commentCount":0,"publisher":{"@id":"https:\/\/www.haatik.com\/eu\/#organization"},"image":{"@id":"https:\/\/www.haatik.com\/es\/2025\/10\/22\/pasaiako-dantza-festibalaren-8-edizioa-martxan\/#primaryimage"},"thumbnailUrl":"https:\/\/www.haatik.com\/wp-content\/uploads\/PDF2026_web_argazkia2.jpg","articleSection":["Albistea","Sin categorizar"],"inLanguage":"es","potentialAction":[{"@type":"CommentAction","name":"Comment","target":["https:\/\/www.haatik.com\/es\/2025\/10\/22\/pasaiako-dantza-festibalaren-8-edizioa-martxan\/#respond"]}]},{"@type":"WebPage","@id":"https:\/\/www.haatik.com\/es\/2025\/10\/22\/pasaiako-dantza-festibalaren-8-edizioa-martxan\/","url":"https:\/\/www.haatik.com\/es\/2025\/10\/22\/pasaiako-dantza-festibalaren-8-edizioa-martxan\/","name":"\u00a1YA ESTA EN MARCHA LA 8\u00aa EDICI\u00d3N DEL PDF! | haatik","isPartOf":{"@id":"https:\/\/www.haatik.com\/eu\/#website"},"primaryImageOfPage":{"@id":"https:\/\/www.haatik.com\/es\/2025\/10\/22\/pasaiako-dantza-festibalaren-8-edizioa-martxan\/#primaryimage"},"image":{"@id":"https:\/\/www.haatik.com\/es\/2025\/10\/22\/pasaiako-dantza-festibalaren-8-edizioa-martxan\/#primaryimage"},"thumbnailUrl":"https:\/\/www.haatik.com\/wp-content\/uploads\/PDF2026_web_argazkia2.jpg","datePublished":"2025-10-22T07:51:27+00:00","dateModified":"2025-10-28T10:13:40+00:00","breadcrumb":{"@id":"https:\/\/www.haatik.com\/es\/2025\/10\/22\/pasaiako-dantza-festibalaren-8-edizioa-martxan\/#breadcrumb"},"inLanguage":"es","potentialAction":[{"@type":"ReadAction","target":["https:\/\/www.haatik.com\/es\/2025\/10\/22\/pasaiako-dantza-festibalaren-8-edizioa-martxan\/"]}]},{"@type":"ImageObject","inLanguage":"es","@id":"https:\/\/www.haatik.com\/es\/2025\/10\/22\/pasaiako-dantza-festibalaren-8-edizioa-martxan\/#primaryimage","url":"https:\/\/www.haatik.com\/wp-content\/uploads\/PDF2026_web_argazkia2.jpg","contentUrl":"https:\/\/www.haatik.com\/wp-content\/uploads\/PDF2026_web_argazkia2.jpg","width":1500,"height":533,"caption":"Screenshot"},{"@type":"BreadcrumbList","@id":"https:\/\/www.haatik.com\/es\/2025\/10\/22\/pasaiako-dantza-festibalaren-8-edizioa-martxan\/#breadcrumb","itemListElement":[{"@type":"ListItem","position":1,"name":"Home","item":"https:\/\/www.haatik.com\/es\/"},{"@type":"ListItem","position":2,"name":"\u00a1YA ESTA EN MARCHA LA 8\u00aa EDICI\u00d3N DEL PDF!"}]},{"@type":"WebSite","@id":"https:\/\/www.haatik.com\/eu\/#website","url":"https:\/\/www.haatik.com\/eu\/","name":"haatik","description":"haatik dantza konpainia","publisher":{"@id":"https:\/\/www.haatik.com\/eu\/#organization"},"potentialAction":[{"@type":"SearchAction","target":{"@type":"EntryPoint","urlTemplate":"https:\/\/www.haatik.com\/eu\/?s={search_term_string}"},"query-input":{"@type":"PropertyValueSpecification","valueRequired":true,"valueName":"search_term_string"}}],"inLanguage":"es"},{"@type":"Organization","@id":"https:\/\/www.haatik.com\/eu\/#organization","name":"haatik","url":"https:\/\/www.haatik.com\/eu\/","logo":{"@type":"ImageObject","inLanguage":"es","@id":"https:\/\/www.haatik.com\/eu\/#\/schema\/logo\/image\/","url":"https:\/\/www.haatik.com\/wp-content\/uploads\/logo_haatik_2016-01.png","contentUrl":"https:\/\/www.haatik.com\/wp-content\/uploads\/logo_haatik_2016-01.png","width":1036,"height":493,"caption":"haatik"},"image":{"@id":"https:\/\/www.haatik.com\/eu\/#\/schema\/logo\/image\/"},"sameAs":["https:\/\/www.facebook.com\/HaatikDantzaKonpainia\/","https:\/\/x.com\/Haatik_Dantza","https:\/\/instagram.com\/haatikdantzakonpainia"]},{"@type":"Person","@id":"https:\/\/www.haatik.com\/eu\/#\/schema\/person\/af5edf1524d5e8ecbc0a6844874216ad","name":"Iurre","image":{"@type":"ImageObject","inLanguage":"es","@id":"https:\/\/www.haatik.com\/eu\/#\/schema\/person\/image\/","url":"https:\/\/secure.gravatar.com\/avatar\/946e0ec9c5b3ba45e8517a3e71e6408c?s=96&d=mm&r=g","contentUrl":"https:\/\/secure.gravatar.com\/avatar\/946e0ec9c5b3ba45e8517a3e71e6408c?s=96&d=mm&r=g","caption":"Iurre"},"url":"https:\/\/www.haatik.com\/es\/author\/iurre\/"}]}},"_links":{"self":[{"href":"https:\/\/www.haatik.com\/es\/wp-json\/wp\/v2\/posts\/13248","targetHints":{"allow":["GET"]}}],"collection":[{"href":"https:\/\/www.haatik.com\/es\/wp-json\/wp\/v2\/posts"}],"about":[{"href":"https:\/\/www.haatik.com\/es\/wp-json\/wp\/v2\/types\/post"}],"author":[{"embeddable":true,"href":"https:\/\/www.haatik.com\/es\/wp-json\/wp\/v2\/users\/3"}],"replies":[{"embeddable":true,"href":"https:\/\/www.haatik.com\/es\/wp-json\/wp\/v2\/comments?post=13248"}],"version-history":[{"count":3,"href":"https:\/\/www.haatik.com\/es\/wp-json\/wp\/v2\/posts\/13248\/revisions"}],"predecessor-version":[{"id":13419,"href":"https:\/\/www.haatik.com\/es\/wp-json\/wp\/v2\/posts\/13248\/revisions\/13419"}],"wp:featuredmedia":[{"embeddable":true,"href":"https:\/\/www.haatik.com\/es\/wp-json\/wp\/v2\/media\/13242"}],"wp:attachment":[{"href":"https:\/\/www.haatik.com\/es\/wp-json\/wp\/v2\/media?parent=13248"}],"wp:term":[{"taxonomy":"category","embeddable":true,"href":"https:\/\/www.haatik.com\/es\/wp-json\/wp\/v2\/categories?post=13248"},{"taxonomy":"post_tag","embeddable":true,"href":"https:\/\/www.haatik.com\/es\/wp-json\/wp\/v2\/tags?post=13248"}],"curies":[{"name":"wp","href":"https:\/\/api.w.org\/{rel}","templated":true}]}}